{"id":224,"date":"2012-08-16T13:07:28","date_gmt":"2012-08-16T13:07:28","guid":{"rendered":"https:\/\/2012.lisboa.wordcamp.org\/?p=224"},"modified":"2012-08-16T13:42:02","modified_gmt":"2012-08-16T13:42:02","slug":"orador-confirmado-hugo-fernandes","status":"publish","type":"post","link":"https:\/\/lisboa.wordcamp.org\/2012\/orador-confirmado-hugo-fernandes\/","title":{"rendered":"Orador confirmado: Hugo Fernandes"},"content":{"rendered":"<p><img loading=\"lazy\" decoding=\"async\" class=\"alignleft size-full wp-image-225\" src=\"https:\/\/2012.lisboa.wordcamp.org\/files\/2012\/08\/Hugo-Fernandes.jpg\" alt=\"\" width=\"200\" height=\"200\" srcset=\"https:\/\/lisboa.wordcamp.org\/2012\/files\/2012\/08\/Hugo-Fernandes.jpg 200w, https:\/\/lisboa.wordcamp.org\/2012\/files\/2012\/08\/Hugo-Fernandes-150x150.jpg 150w\" sizes=\"auto, (max-width: 200px) 100vw, 200px\" \/>Hugo Fernandes \u00e9\u00a0<em>Interactive Designer<\/em>\u00a0e\u00a0<em>Creative Technologist<\/em>.<\/p>\n<p>Ap\u00f3s 8 anos na Active Media, decidiu que era hora para desbravar o seu pr\u00f3prio caminho; agora freelancer, tenta aliar as duas paix\u00f5es da sua vida: design e programa\u00e7\u00e3o. \u00c9 o que se chama de &#8220;h\u00edbrido&#8221;, seja l\u00e1 o que isso for. Para ele, a programa\u00e7\u00e3o \u00e9 uma extens\u00e3o do design de interac\u00e7\u00e3o, da\u00ed a import\u00e2ncia da rela\u00e7\u00e3o entre os dois.<\/p>\n<p>Apaixonado pela web e pela interactividade, procura ser agn\u00f3stico no uso que d\u00e1 \u00e0 tecnologia e na forma como a aplica aos projectos.<\/p>\n<p>Passe por\u00a0<a href=\"http:\/\/www.imhugo.com\" target=\"_blank\">www.imhugo.com<\/a>\u00a0para o conhecer melhor.<\/p>\n","protected":false},"excerpt":{"rendered":"<p>Hugo Fernandes \u00e9\u00a0Interactive Designer\u00a0e\u00a0Creative Technologist. Ap\u00f3s 8 anos na Active Media, decidiu que era hora para desbravar o seu pr\u00f3prio caminho; agora freelancer, tenta aliar as duas paix\u00f5es da sua vida: design e programa\u00e7\u00e3o. \u00c9 o que se chama de &hellip; <a href=\"https:\/\/lisboa.wordcamp.org\/2012\/orador-confirmado-hugo-fernandes\/\">Continuar a ler <span class=\"assistive-text\">Orador confirmado: Hugo Fernandes<\/span>  <span class=\"meta-nav\">&rarr;<\/span><\/a><\/p>\n","protected":false},"author":8164830,"featured_media":0,"comment_status":"open","ping_status":"open","sticky":false,"template":"","format":"standard","meta":{"_crdt_document":"","jetpack_post_was_ever_published":false,"_jetpack_newsletter_access":"","_jetpack_dont_email_post_to_subs":false,"_jetpack_newsletter_tier_id":0,"_jetpack_memberships_contains_paywalled_content":false,"_jetpack_memberships_contains_paid_content":false,"footnotes":""},"categories":[9742],"tags":[30403,30421,30422,30416],"class_list":["post-224","post","type-post","status-publish","format-standard","hentry","category-oradores","tag-wclx12","tag-hugo-fernandes","tag-imhugo-com","tag-oradores-2"],"jetpack_featured_media_url":"","jetpack_shortlink":"https:\/\/wp.me\/p2mAry-3C","jetpack_sharing_enabled":true,"_links":{"self":[{"href":"https:\/\/lisboa.wordcamp.org\/2012\/wp-json\/wp\/v2\/posts\/224","targetHints":{"allow":["GET"]}}],"collection":[{"href":"https:\/\/lisboa.wordcamp.org\/2012\/wp-json\/wp\/v2\/posts"}],"about":[{"href":"https:\/\/lisboa.wordcamp.org\/2012\/wp-json\/wp\/v2\/types\/post"}],"author":[{"embeddable":true,"href":"https:\/\/lisboa.wordcamp.org\/2012\/wp-json\/wp\/v2\/users\/8164830"}],"replies":[{"embeddable":true,"href":"https:\/\/lisboa.wordcamp.org\/2012\/wp-json\/wp\/v2\/comments?post=224"}],"version-history":[{"count":4,"href":"https:\/\/lisboa.wordcamp.org\/2012\/wp-json\/wp\/v2\/posts\/224\/revisions"}],"predecessor-version":[{"id":229,"href":"https:\/\/lisboa.wordcamp.org\/2012\/wp-json\/wp\/v2\/posts\/224\/revisions\/229"}],"wp:attachment":[{"href":"https:\/\/lisboa.wordcamp.org\/2012\/wp-json\/wp\/v2\/media?parent=224"}],"wp:term":[{"taxonomy":"category","embeddable":true,"href":"https:\/\/lisboa.wordcamp.org\/2012\/wp-json\/wp\/v2\/categories?post=224"},{"taxonomy":"post_tag","embeddable":true,"href":"https:\/\/lisboa.wordcamp.org\/2012\/wp-json\/wp\/v2\/tags?post=224"}],"curies":[{"name":"wp","href":"https:\/\/api.w.org\/{rel}","templated":true}]}}