{"id":291,"date":"2012-08-25T13:59:14","date_gmt":"2012-08-25T13:59:14","guid":{"rendered":"https:\/\/2012.lisboa.wordcamp.org\/?p=291"},"modified":"2012-09-03T11:46:46","modified_gmt":"2012-09-03T11:46:46","slug":"orador-confirmado-alexandre-marreiros","status":"publish","type":"post","link":"https:\/\/lisboa.wordcamp.org\/2012\/orador-confirmado-alexandre-marreiros\/","title":{"rendered":"Orador confirmado: Alexandre Marreiros"},"content":{"rendered":"<p><img loading=\"lazy\" decoding=\"async\" class=\"alignleft size-full wp-image-292\" src=\"https:\/\/2012.lisboa.wordcamp.org\/files\/2012\/08\/89c96a5b2a1e09b4d0ef134e53588704.jpeg\" alt=\"\" width=\"200\" height=\"200\" srcset=\"https:\/\/lisboa.wordcamp.org\/2012\/files\/2012\/08\/89c96a5b2a1e09b4d0ef134e53588704.jpeg 200w, https:\/\/lisboa.wordcamp.org\/2012\/files\/2012\/08\/89c96a5b2a1e09b4d0ef134e53588704-150x150.jpeg 150w\" sizes=\"auto, (max-width: 200px) 100vw, 200px\" \/>O Alexandre \u00e9 licenciado em Engenharia de Inform\u00e1tica e Computadores pelo ISEL, cedo come\u00e7ou as suas aventuras na \u00e1rea de desenvolvimento de software tendo come\u00e7ado com trabalhos como programador <em>freelance<\/em> em J2EE, .net e sistemas de informa\u00e7\u00e3o.<\/p>\n<p>Finda a Licenciatura dedicou-se durante 1 ano ao estudo e investiga\u00e7\u00e3o na \u00e1rea da Intelig\u00eancia Artificial e em 2005 resolveu apostar no desenvolvimento de sistemas e aplica\u00e7\u00f5es web tendo sido programador e mais tarde arquitecto de software. Em janeiro de 2010 passou a exercer as fun\u00e7\u00f5es de CTO da <a href=\"http:\/\/www.innovagency.com\/\" target=\"_blank\">Innovagency<\/a>, as quais mant\u00e9m at\u00e9 aos dias de hoje como actividade profissional.<\/p>\n<p>Dedica-se em\u00a0<em>part-time<\/em>\u00a0\u00e0 forma\u00e7\u00e3o e orat\u00f3ria na \u00e1rea de desenvolvimento de software e das TICS. Em 2010 deu in\u00edcio ao seu projecto pessoal, chamado\u00a0<a href=\"http:\/\/digitalmindignition.com\" target=\"_blank\">Digital Mind Ignition<\/a>, com o objectivo principal de permitir a pessoas\u00a0e empresas de tirar um maior partido da evolu\u00e7\u00e3o t\u00e9cnologica na \u00e1rea do digital, atrav\u00e9s da partilha e forma\u00e7\u00e3o de profissionais e servi\u00e7os de consultadoria e arquitectura de software.<\/p>\n<p>Algum do trabalho de Alexandre pode ser acompanhado atrav\u00e9s de\u00a0<a href=\"http:\/\/digitalmindignition.com\/\" target=\"_blank\">digitalmindignition.com<\/a>\u00a0do seu twitter <a href=\"http:\/\/twitter.com\/alexmarreiros\" target=\"_blank\">@alexmarreiros<\/a>.<\/p>\n<p>O Alexandre vem ao WordCamp mostrar como \u00e9 afinal f\u00e1cil criar os seu pr\u00f3prios plugins.<\/p>\n","protected":false},"excerpt":{"rendered":"<p>O Alexandre \u00e9 licenciado em Engenharia de Inform\u00e1tica e Computadores pelo ISEL, cedo come\u00e7ou as suas aventuras na \u00e1rea de desenvolvimento de software tendo come\u00e7ado com trabalhos como programador freelance em J2EE, .net e sistemas de informa\u00e7\u00e3o. Finda a Licenciatura &hellip; <a href=\"https:\/\/lisboa.wordcamp.org\/2012\/orador-confirmado-alexandre-marreiros\/\">Continuar a ler <span class=\"assistive-text\">Orador confirmado: Alexandre Marreiros<\/span>  <span class=\"meta-nav\">&rarr;<\/span><\/a><\/p>\n","protected":false},"author":8164830,"featured_media":0,"comment_status":"open","ping_status":"open","sticky":false,"template":"","format":"standard","meta":{"_crdt_document":"","jetpack_post_was_ever_published":false,"_jetpack_newsletter_access":"","_jetpack_dont_email_post_to_subs":false,"_jetpack_newsletter_tier_id":0,"_jetpack_memberships_contains_paywalled_content":false,"_jetpack_memberships_contains_paid_content":false,"footnotes":""},"categories":[9742],"tags":[30403,30416,216,30400],"class_list":["post-291","post","type-post","status-publish","format-standard","hentry","category-oradores","tag-wclx12","tag-oradores-2","tag-plugins","tag-wordcamp-lisboa-2012"],"jetpack_featured_media_url":"","jetpack_shortlink":"https:\/\/wp.me\/p2mAry-4H","jetpack_sharing_enabled":true,"_links":{"self":[{"href":"https:\/\/lisboa.wordcamp.org\/2012\/wp-json\/wp\/v2\/posts\/291","targetHints":{"allow":["GET"]}}],"collection":[{"href":"https:\/\/lisboa.wordcamp.org\/2012\/wp-json\/wp\/v2\/posts"}],"about":[{"href":"https:\/\/lisboa.wordcamp.org\/2012\/wp-json\/wp\/v2\/types\/post"}],"author":[{"embeddable":true,"href":"https:\/\/lisboa.wordcamp.org\/2012\/wp-json\/wp\/v2\/users\/8164830"}],"replies":[{"embeddable":true,"href":"https:\/\/lisboa.wordcamp.org\/2012\/wp-json\/wp\/v2\/comments?post=291"}],"version-history":[{"count":4,"href":"https:\/\/lisboa.wordcamp.org\/2012\/wp-json\/wp\/v2\/posts\/291\/revisions"}],"predecessor-version":[{"id":536,"href":"https:\/\/lisboa.wordcamp.org\/2012\/wp-json\/wp\/v2\/posts\/291\/revisions\/536"}],"wp:attachment":[{"href":"https:\/\/lisboa.wordcamp.org\/2012\/wp-json\/wp\/v2\/media?parent=291"}],"wp:term":[{"taxonomy":"category","embeddable":true,"href":"https:\/\/lisboa.wordcamp.org\/2012\/wp-json\/wp\/v2\/categories?post=291"},{"taxonomy":"post_tag","embeddable":true,"href":"https:\/\/lisboa.wordcamp.org\/2012\/wp-json\/wp\/v2\/tags?post=291"}],"curies":[{"name":"wp","href":"https:\/\/api.w.org\/{rel}","templated":true}]}}