{"id":542,"date":"2012-09-03T12:02:12","date_gmt":"2012-09-03T12:02:12","guid":{"rendered":"https:\/\/2012.lisboa.wordcamp.org\/?p=542"},"modified":"2012-09-03T12:02:12","modified_gmt":"2012-09-03T12:02:12","slug":"orador-confirmado-vasco-marques","status":"publish","type":"post","link":"https:\/\/lisboa.wordcamp.org\/2012\/orador-confirmado-vasco-marques\/","title":{"rendered":"Orador confirmado: Vasco Marques"},"content":{"rendered":"<p><img loading=\"lazy\" decoding=\"async\" class=\"alignleft size-full wp-image-543\" src=\"https:\/\/2012.lisboa.wordcamp.org\/files\/2012\/09\/Vasco-Marques.jpg\" alt=\"\" width=\"200\" height=\"200\" srcset=\"https:\/\/lisboa.wordcamp.org\/2012\/files\/2012\/09\/Vasco-Marques.jpg 200w, https:\/\/lisboa.wordcamp.org\/2012\/files\/2012\/09\/Vasco-Marques-150x150.jpg 150w\" sizes=\"auto, (max-width: 200px) 100vw, 200px\" \/>Ao longo de mais de 10 anos tem-se dedicado ao desenvolvimento e gest\u00e3o de\u00a0e-Business e \u00e9 cada vez mais f\u00e3 do WordPress!<\/p>\n<p>MBA (Master of Business Administration) com especializa\u00e7\u00e3o em Sistemas de\u00a0Informa\u00e7\u00e3o e e-Business. \u00c9 tamb\u00e9m docente no Ensino Superior, em disciplinas de Licenciatura e P\u00f3s-gradua\u00e7\u00f5es em \u00e1reas relacionadas com Redes de\u00a0Informa\u00e7\u00e3o, e-Business, Ferramentas Digitais e Marketing Digital.<\/p>\n<p>Possui vasta experi\u00eancia profissional e formativa em Tecnologias de\u00a0Informa\u00e7\u00e3o e Comunica\u00e7\u00e3o, Desenvolvimento Web, Redes Sociais, Computa\u00e7\u00e3o\u00a0Gr\u00e1fica e Multim\u00e9dia.<\/p>\n","protected":false},"excerpt":{"rendered":"<p>Ao longo de mais de 10 anos tem-se dedicado ao desenvolvimento e gest\u00e3o de\u00a0e-Business e \u00e9 cada vez mais f\u00e3 do WordPress! MBA (Master of Business Administration) com especializa\u00e7\u00e3o em Sistemas de\u00a0Informa\u00e7\u00e3o e e-Business. \u00c9 tamb\u00e9m docente no Ensino Superior, &hellip; <a href=\"https:\/\/lisboa.wordcamp.org\/2012\/orador-confirmado-vasco-marques\/\">Continuar a ler <span class=\"assistive-text\">Orador confirmado: Vasco Marques<\/span>  <span class=\"meta-nav\">&rarr;<\/span><\/a><\/p>\n","protected":false},"author":8164830,"featured_media":0,"comment_status":"open","ping_status":"open","sticky":false,"template":"","format":"standard","meta":{"_crdt_document":"","jetpack_post_was_ever_published":false,"_jetpack_newsletter_access":"","_jetpack_dont_email_post_to_subs":false,"_jetpack_newsletter_tier_id":0,"_jetpack_memberships_contains_paywalled_content":false,"_jetpack_memberships_contains_paid_content":false,"footnotes":""},"categories":[9742],"tags":[30403,30400],"class_list":["post-542","post","type-post","status-publish","format-standard","hentry","category-oradores","tag-wclx12","tag-wordcamp-lisboa-2012"],"jetpack_featured_media_url":"","jetpack_shortlink":"https:\/\/wp.me\/p2mAry-8K","jetpack_sharing_enabled":true,"_links":{"self":[{"href":"https:\/\/lisboa.wordcamp.org\/2012\/wp-json\/wp\/v2\/posts\/542","targetHints":{"allow":["GET"]}}],"collection":[{"href":"https:\/\/lisboa.wordcamp.org\/2012\/wp-json\/wp\/v2\/posts"}],"about":[{"href":"https:\/\/lisboa.wordcamp.org\/2012\/wp-json\/wp\/v2\/types\/post"}],"author":[{"embeddable":true,"href":"https:\/\/lisboa.wordcamp.org\/2012\/wp-json\/wp\/v2\/users\/8164830"}],"replies":[{"embeddable":true,"href":"https:\/\/lisboa.wordcamp.org\/2012\/wp-json\/wp\/v2\/comments?post=542"}],"version-history":[{"count":2,"href":"https:\/\/lisboa.wordcamp.org\/2012\/wp-json\/wp\/v2\/posts\/542\/revisions"}],"predecessor-version":[{"id":545,"href":"https:\/\/lisboa.wordcamp.org\/2012\/wp-json\/wp\/v2\/posts\/542\/revisions\/545"}],"wp:attachment":[{"href":"https:\/\/lisboa.wordcamp.org\/2012\/wp-json\/wp\/v2\/media?parent=542"}],"wp:term":[{"taxonomy":"category","embeddable":true,"href":"https:\/\/lisboa.wordcamp.org\/2012\/wp-json\/wp\/v2\/categories?post=542"},{"taxonomy":"post_tag","embeddable":true,"href":"https:\/\/lisboa.wordcamp.org\/2012\/wp-json\/wp\/v2\/tags?post=542"}],"curies":[{"name":"wp","href":"https:\/\/api.w.org\/{rel}","templated":true}]}}