{"id":613,"date":"2012-09-07T11:35:51","date_gmt":"2012-09-07T11:35:51","guid":{"rendered":"https:\/\/2012.lisboa.wordcamp.org\/?p=613"},"modified":"2012-09-07T11:35:51","modified_gmt":"2012-09-07T11:35:51","slug":"orador-confirmado-ze-fontainhas","status":"publish","type":"post","link":"https:\/\/lisboa.wordcamp.org\/2012\/orador-confirmado-ze-fontainhas\/","title":{"rendered":"Orador confirmado: Z\u00e9 Fontainhas"},"content":{"rendered":"<p><a href=\"https:\/\/2012.lisboa.wordcamp.org\/oradores\/#ze-fontainhas\"><img loading=\"lazy\" decoding=\"async\" class=\"alignleft size-full wp-image-614\" src=\"https:\/\/2012.lisboa.wordcamp.org\/files\/2012\/09\/avatar-2.jpg\" alt=\"\" width=\"200\" height=\"200\" srcset=\"https:\/\/lisboa.wordcamp.org\/2012\/files\/2012\/09\/avatar-2.jpg 200w, https:\/\/lisboa.wordcamp.org\/2012\/files\/2012\/09\/avatar-2-150x150.jpg 150w\" sizes=\"auto, (max-width: 200px) 100vw, 200px\" \/><\/a>Vive perto de Lisboa, junto \u00e0 praia. Toca <a href=\"http:\/\/www.facebook.com\/pages\/Amigos-do-Ze\/134602920417\">bateria<\/a>. \u00c9 um dos fundadores da Comunidade Portuguesa de WordPress e da Comunidade Brasileira WordPress e editor s\u00e9nior do site de not\u00edcias <a href=\"http:\/\/wprealm.com\">WP Realm<\/a>.\u00a0\u00c9 tamb\u00e9m o\u00a0<em>community lead<\/em>\u00a0das\u00a0<a href=\"http:\/\/make.wordpress.org\/polyglots\/\">comunidades de tradu\u00e7\u00e3o do WordPress<\/a>\u00a0para mais de 90 idiomas,\u00a0<em>core developer<\/em>\u00a0da plataforma\u00a0<a href=\"http:\/\/glotpress.org\">GlotPress<\/a>\u00a0e <em>core contributor<\/em> do WordPress.<\/p>\n<p>Tem o seu pr\u00f3prio projecto de \u00a0<a href=\"http:\/\/vanilla-lounge.pt\" target=\"_blank\">consultoria dedicada<\/a>\u00a0a projectos em WordPress<\/p>\n<p>Est\u00e1 \u00e0 disposi\u00e7\u00e3o de todos para quaisquer perguntas relacionadas com localiza\u00e7\u00e3o, internacionaliza\u00e7\u00e3o e <a href=\"http:\/\/ze.fontainhas.com\/2010\/12\/23\/the-dry-martini-postulate\/\">dry martinis<\/a>.<\/p>\n","protected":false},"excerpt":{"rendered":"<p>Vive perto de Lisboa, junto \u00e0 praia. Toca bateria. \u00c9 um dos fundadores da Comunidade Portuguesa de WordPress e da Comunidade Brasileira WordPress e editor s\u00e9nior do site de not\u00edcias WP Realm.\u00a0\u00c9 tamb\u00e9m o\u00a0community lead\u00a0das\u00a0comunidades de tradu\u00e7\u00e3o do WordPress\u00a0para mais &hellip; <a href=\"https:\/\/lisboa.wordcamp.org\/2012\/orador-confirmado-ze-fontainhas\/\">Continuar a ler <span class=\"assistive-text\">Orador confirmado: Z\u00e9 Fontainhas<\/span>  <span class=\"meta-nav\">&rarr;<\/span><\/a><\/p>\n","protected":false},"author":8164830,"featured_media":0,"comment_status":"open","ping_status":"open","sticky":false,"template":"","format":"standard","meta":{"_crdt_document":"","jetpack_post_was_ever_published":false,"_jetpack_newsletter_access":"","_jetpack_dont_email_post_to_subs":false,"_jetpack_newsletter_tier_id":0,"_jetpack_memberships_contains_paywalled_content":false,"_jetpack_memberships_contains_paid_content":false,"footnotes":""},"categories":[9742],"tags":[30403,30400],"class_list":["post-613","post","type-post","status-publish","format-standard","hentry","category-oradores","tag-wclx12","tag-wordcamp-lisboa-2012"],"jetpack_featured_media_url":"","jetpack_shortlink":"https:\/\/wp.me\/p2mAry-9T","jetpack_sharing_enabled":true,"_links":{"self":[{"href":"https:\/\/lisboa.wordcamp.org\/2012\/wp-json\/wp\/v2\/posts\/613","targetHints":{"allow":["GET"]}}],"collection":[{"href":"https:\/\/lisboa.wordcamp.org\/2012\/wp-json\/wp\/v2\/posts"}],"about":[{"href":"https:\/\/lisboa.wordcamp.org\/2012\/wp-json\/wp\/v2\/types\/post"}],"author":[{"embeddable":true,"href":"https:\/\/lisboa.wordcamp.org\/2012\/wp-json\/wp\/v2\/users\/8164830"}],"replies":[{"embeddable":true,"href":"https:\/\/lisboa.wordcamp.org\/2012\/wp-json\/wp\/v2\/comments?post=613"}],"version-history":[{"count":1,"href":"https:\/\/lisboa.wordcamp.org\/2012\/wp-json\/wp\/v2\/posts\/613\/revisions"}],"predecessor-version":[{"id":615,"href":"https:\/\/lisboa.wordcamp.org\/2012\/wp-json\/wp\/v2\/posts\/613\/revisions\/615"}],"wp:attachment":[{"href":"https:\/\/lisboa.wordcamp.org\/2012\/wp-json\/wp\/v2\/media?parent=613"}],"wp:term":[{"taxonomy":"category","embeddable":true,"href":"https:\/\/lisboa.wordcamp.org\/2012\/wp-json\/wp\/v2\/categories?post=613"},{"taxonomy":"post_tag","embeddable":true,"href":"https:\/\/lisboa.wordcamp.org\/2012\/wp-json\/wp\/v2\/tags?post=613"}],"curies":[{"name":"wp","href":"https:\/\/api.w.org\/{rel}","templated":true}]}}