{"id":709,"date":"2012-09-10T14:10:38","date_gmt":"2012-09-10T14:10:38","guid":{"rendered":"https:\/\/2012.lisboa.wordcamp.org\/?p=709"},"modified":"2012-09-13T14:12:52","modified_gmt":"2012-09-13T14:12:52","slug":"obrigado-active-media","status":"publish","type":"post","link":"https:\/\/lisboa.wordcamp.org\/2012\/obrigado-active-media\/","title":{"rendered":"Obrigado Active Media"},"content":{"rendered":"<div class=\"embed-vimeo\" style=\"text-align: center;\"><iframe loading=\"lazy\" src=\"https:\/\/player.vimeo.com\/video\/14921631\" width=\"590\" height=\"332\" frameborder=\"0\" webkitallowfullscreen mozallowfullscreen allowfullscreen><\/iframe><\/div>\n<p>A <a href=\"https:\/\/2012.lisboa.wordcamp.org\/sponsor\/active-media\/\" title=\"Active Media\">Active Media<\/a> \u00e9 um dos pilares da Comunidade Portuguesa de WordPress, sempre dispon\u00edvel para ajudar e j\u00e1 faz parte da fam\u00edlia mais chegada.<\/p>\n<p>Foi fundada em 2002 para preencher um vazio no mercado da comunica\u00e7\u00e3o: a cria\u00e7\u00e3o e gest\u00e3o de canais de comunica\u00e7\u00e3o multim\u00e9dia, a que deu o nome de <a title=\"Business Channel\" href=\"http:\/\/activemedia.pt\/site\/servicos\/business-channel\/business-channel\/\">Business Channel<\/a>.<\/p>\n<p>Na origem da sua funda\u00e7\u00e3o est\u00e3o 4 pessoas que se foram cruzando ao longo da vida e num determinado momento viram ali uma oportunidade de neg\u00f3cio e de desenvolvimento pessoal, uma atitude de empreendorismo como resposta a uma necessidade de crescimento pessoal e profissional.<\/p>\n<p>Era um mercado novo e emergente, que precisava de muita evangeliza\u00e7\u00e3o, mas cedo encontr\u00e1mos os parceiros certos para levar a bom porto os primeiros projectos na \u00e1rea.<\/p>\n","protected":false},"excerpt":{"rendered":"<p>A Active Media \u00e9 um dos pilares da Comunidade Portuguesa de WordPress, sempre dispon\u00edvel para ajudar e j\u00e1 faz parte da fam\u00edlia mais chegada. Foi fundada em 2002 para preencher um vazio no mercado da comunica\u00e7\u00e3o: a cria\u00e7\u00e3o e gest\u00e3o &hellip; <a href=\"https:\/\/lisboa.wordcamp.org\/2012\/obrigado-active-media\/\">Continuar a ler <span class=\"assistive-text\">Obrigado Active Media<\/span>  <span class=\"meta-nav\">&rarr;<\/span><\/a><\/p>\n","protected":false},"author":8164830,"featured_media":0,"comment_status":"open","ping_status":"open","sticky":false,"template":"","format":"standard","meta":{"_crdt_document":"","jetpack_post_was_ever_published":false,"_jetpack_newsletter_access":"","_jetpack_dont_email_post_to_subs":false,"_jetpack_newsletter_tier_id":0,"_jetpack_memberships_contains_paywalled_content":false,"_jetpack_memberships_contains_paid_content":false,"footnotes":""},"categories":[9757],"tags":[30403,30400],"class_list":["post-709","post","type-post","status-publish","format-standard","hentry","category-patrocinios","tag-wclx12","tag-wordcamp-lisboa-2012"],"jetpack_featured_media_url":"","jetpack_shortlink":"https:\/\/wp.me\/p2mAry-br","jetpack_sharing_enabled":true,"_links":{"self":[{"href":"https:\/\/lisboa.wordcamp.org\/2012\/wp-json\/wp\/v2\/posts\/709","targetHints":{"allow":["GET"]}}],"collection":[{"href":"https:\/\/lisboa.wordcamp.org\/2012\/wp-json\/wp\/v2\/posts"}],"about":[{"href":"https:\/\/lisboa.wordcamp.org\/2012\/wp-json\/wp\/v2\/types\/post"}],"author":[{"embeddable":true,"href":"https:\/\/lisboa.wordcamp.org\/2012\/wp-json\/wp\/v2\/users\/8164830"}],"replies":[{"embeddable":true,"href":"https:\/\/lisboa.wordcamp.org\/2012\/wp-json\/wp\/v2\/comments?post=709"}],"version-history":[{"count":5,"href":"https:\/\/lisboa.wordcamp.org\/2012\/wp-json\/wp\/v2\/posts\/709\/revisions"}],"predecessor-version":[{"id":756,"href":"https:\/\/lisboa.wordcamp.org\/2012\/wp-json\/wp\/v2\/posts\/709\/revisions\/756"}],"wp:attachment":[{"href":"https:\/\/lisboa.wordcamp.org\/2012\/wp-json\/wp\/v2\/media?parent=709"}],"wp:term":[{"taxonomy":"category","embeddable":true,"href":"https:\/\/lisboa.wordcamp.org\/2012\/wp-json\/wp\/v2\/categories?post=709"},{"taxonomy":"post_tag","embeddable":true,"href":"https:\/\/lisboa.wordcamp.org\/2012\/wp-json\/wp\/v2\/tags?post=709"}],"curies":[{"name":"wp","href":"https:\/\/api.w.org\/{rel}","templated":true}]}}