{"id":764,"date":"2012-09-14T16:26:05","date_gmt":"2012-09-14T16:26:05","guid":{"rendered":"https:\/\/2012.lisboa.wordcamp.org\/?p=764"},"modified":"2012-09-15T08:51:41","modified_gmt":"2012-09-15T08:51:41","slug":"entrevista-vasco-marques","status":"publish","type":"post","link":"https:\/\/lisboa.wordcamp.org\/2012\/entrevista-vasco-marques\/","title":{"rendered":"Entrevista: Vasco Marques"},"content":{"rendered":"<p><a href=\"http:\/\/www.escolawp.com\/2012\/09\/entrevista-com-vasco-marques-wordcamp-lisboa-2012\/\" target=\"_blank\"><img loading=\"lazy\" decoding=\"async\" class=\"alignleft size-full wp-image-543\" src=\"https:\/\/2012.lisboa.wordcamp.org\/files\/2012\/09\/Vasco-Marques.jpg\" alt=\"\" width=\"200\" height=\"200\" srcset=\"https:\/\/lisboa.wordcamp.org\/2012\/files\/2012\/09\/Vasco-Marques.jpg 200w, https:\/\/lisboa.wordcamp.org\/2012\/files\/2012\/09\/Vasco-Marques-150x150.jpg 150w\" sizes=\"auto, (max-width: 200px) 100vw, 200px\" \/><\/a>Na sequ\u00eancia de entrevistas a oradores do WordCamp, <a href=\"http:\/\/www.escolawp.com\/2012\/09\/entrevista-com-vasco-marques-wordcamp-lisboa-2012\/\" target=\"_blank\">a mais recente \u00e9 a Vasco Marques<\/a>, que vai falar sobre:<\/p>\n<blockquote><p>&#8230;como criar uma comunidade ativa em torno de um \u00e1rea de conhecimento, neste caso em particular sobre o Marketing Portugal \u2013 que j\u00e1 tem v\u00e1rios anos de exist\u00eancia mas que se pretende potencializar ainda mais com o WordPress. Para al\u00e9m da publica\u00e7\u00e3o regular de v\u00e1rios artigos exclusivos de diversos autores refer\u00eancia na \u00e1rea, pretende-se disponibilizar uma s\u00e9rie de ferramentas para criar mais sinergias, para que flores\u00e7am iniciativas interessantes a partir desse conhecimento coletivo. Por isso vamos apresentar o projecto e o que consideramos importante que o site seja ainda mais interessante.<\/p><\/blockquote>\n","protected":false},"excerpt":{"rendered":"<p>Na sequ\u00eancia de entrevistas a oradores do WordCamp, a mais recente \u00e9 a Vasco Marques, que vai falar sobre: &#8230;como criar uma comunidade ativa em torno de um \u00e1rea de conhecimento, neste caso em particular sobre o Marketing Portugal \u2013 &hellip; <a href=\"https:\/\/lisboa.wordcamp.org\/2012\/entrevista-vasco-marques\/\">Continuar a ler <span class=\"assistive-text\">Entrevista: Vasco Marques<\/span>  <span class=\"meta-nav\">&rarr;<\/span><\/a><\/p>\n","protected":false},"author":8164830,"featured_media":0,"comment_status":"open","ping_status":"open","sticky":false,"template":"","format":"standard","meta":{"_crdt_document":"","jetpack_post_was_ever_published":false,"_jetpack_newsletter_access":"","_jetpack_dont_email_post_to_subs":false,"_jetpack_newsletter_tier_id":0,"_jetpack_memberships_contains_paywalled_content":false,"_jetpack_memberships_contains_paid_content":false,"footnotes":""},"categories":[9742],"tags":[30403,30466,30400],"class_list":["post-764","post","type-post","status-publish","format-standard","hentry","category-oradores","tag-wclx12","tag-escola-wordpress","tag-wordcamp-lisboa-2012"],"jetpack_featured_media_url":"","jetpack_shortlink":"https:\/\/wp.me\/p2mAry-ck","jetpack_sharing_enabled":true,"_links":{"self":[{"href":"https:\/\/lisboa.wordcamp.org\/2012\/wp-json\/wp\/v2\/posts\/764","targetHints":{"allow":["GET"]}}],"collection":[{"href":"https:\/\/lisboa.wordcamp.org\/2012\/wp-json\/wp\/v2\/posts"}],"about":[{"href":"https:\/\/lisboa.wordcamp.org\/2012\/wp-json\/wp\/v2\/types\/post"}],"author":[{"embeddable":true,"href":"https:\/\/lisboa.wordcamp.org\/2012\/wp-json\/wp\/v2\/users\/8164830"}],"replies":[{"embeddable":true,"href":"https:\/\/lisboa.wordcamp.org\/2012\/wp-json\/wp\/v2\/comments?post=764"}],"version-history":[{"count":3,"href":"https:\/\/lisboa.wordcamp.org\/2012\/wp-json\/wp\/v2\/posts\/764\/revisions"}],"predecessor-version":[{"id":768,"href":"https:\/\/lisboa.wordcamp.org\/2012\/wp-json\/wp\/v2\/posts\/764\/revisions\/768"}],"wp:attachment":[{"href":"https:\/\/lisboa.wordcamp.org\/2012\/wp-json\/wp\/v2\/media?parent=764"}],"wp:term":[{"taxonomy":"category","embeddable":true,"href":"https:\/\/lisboa.wordcamp.org\/2012\/wp-json\/wp\/v2\/categories?post=764"},{"taxonomy":"post_tag","embeddable":true,"href":"https:\/\/lisboa.wordcamp.org\/2012\/wp-json\/wp\/v2\/tags?post=764"}],"curies":[{"name":"wp","href":"https:\/\/api.w.org\/{rel}","templated":true}]}}