{"id":786,"date":"2012-09-18T09:05:30","date_gmt":"2012-09-18T09:05:30","guid":{"rendered":"https:\/\/2012.lisboa.wordcamp.org\/?p=786"},"modified":"2012-09-18T09:05:46","modified_gmt":"2012-09-18T09:05:46","slug":"orador-confirmado-kim-gjerstad","status":"publish","type":"post","link":"https:\/\/lisboa.wordcamp.org\/2012\/orador-confirmado-kim-gjerstad\/","title":{"rendered":"Orador confirmado: Kim Gjerstad"},"content":{"rendered":"<p><img loading=\"lazy\" decoding=\"async\" class=\"alignleft size-full wp-image-778\" src=\"https:\/\/2012.lisboa.wordcamp.org\/files\/2012\/09\/kim.jpeg\" alt=\"\" width=\"200\" height=\"200\" srcset=\"https:\/\/lisboa.wordcamp.org\/2012\/files\/2012\/09\/kim.jpeg 200w, https:\/\/lisboa.wordcamp.org\/2012\/files\/2012\/09\/kim-150x150.jpeg 150w\" sizes=\"auto, (max-width: 200px) 100vw, 200px\" \/>O Kim trabalha no plugin\u00a0<a href=\"http:\/\/wordpress.org\/extend\/plugins\/wysija-newsletters\/\" target=\"_blank\">Wysija<\/a>, um plugin para envio de <em>newsletters<\/em> e notifica\u00e7\u00e3o de novos artigos.<\/p>\n<p>Vive em Fran\u00e7a mas nasceu em S\u00e3o Francisco e cresceu em Maputo e Montr\u00e9al. A sua casa foi tamb\u00e9m em Kinshasa durante 5 anos.<\/p>\n<p>Apaixonou-se pelo WordPress e tem vivido <em>online<\/em> desde ent\u00e3o.<\/p>\n","protected":false},"excerpt":{"rendered":"<p>O Kim trabalha no plugin\u00a0Wysija, um plugin para envio de newsletters e notifica\u00e7\u00e3o de novos artigos. Vive em Fran\u00e7a mas nasceu em S\u00e3o Francisco e cresceu em Maputo e Montr\u00e9al. A sua casa foi tamb\u00e9m em Kinshasa durante 5 anos. &hellip; <a href=\"https:\/\/lisboa.wordcamp.org\/2012\/orador-confirmado-kim-gjerstad\/\">Continuar a ler <span class=\"assistive-text\">Orador confirmado: Kim Gjerstad<\/span>  <span class=\"meta-nav\">&rarr;<\/span><\/a><\/p>\n","protected":false},"author":8164830,"featured_media":0,"comment_status":"open","ping_status":"open","sticky":false,"template":"","format":"standard","meta":{"_crdt_document":"","jetpack_post_was_ever_published":false,"_jetpack_newsletter_access":"","_jetpack_dont_email_post_to_subs":false,"_jetpack_newsletter_tier_id":0,"_jetpack_memberships_contains_paywalled_content":false,"_jetpack_memberships_contains_paid_content":false,"footnotes":""},"categories":[9742],"tags":[30403,30400,34298],"class_list":["post-786","post","type-post","status-publish","format-standard","hentry","category-oradores","tag-wclx12","tag-wordcamp-lisboa-2012","tag-wysija"],"jetpack_featured_media_url":"","jetpack_shortlink":"https:\/\/wp.me\/p2mAry-cG","jetpack_sharing_enabled":true,"_links":{"self":[{"href":"https:\/\/lisboa.wordcamp.org\/2012\/wp-json\/wp\/v2\/posts\/786","targetHints":{"allow":["GET"]}}],"collection":[{"href":"https:\/\/lisboa.wordcamp.org\/2012\/wp-json\/wp\/v2\/posts"}],"about":[{"href":"https:\/\/lisboa.wordcamp.org\/2012\/wp-json\/wp\/v2\/types\/post"}],"author":[{"embeddable":true,"href":"https:\/\/lisboa.wordcamp.org\/2012\/wp-json\/wp\/v2\/users\/8164830"}],"replies":[{"embeddable":true,"href":"https:\/\/lisboa.wordcamp.org\/2012\/wp-json\/wp\/v2\/comments?post=786"}],"version-history":[{"count":3,"href":"https:\/\/lisboa.wordcamp.org\/2012\/wp-json\/wp\/v2\/posts\/786\/revisions"}],"predecessor-version":[{"id":789,"href":"https:\/\/lisboa.wordcamp.org\/2012\/wp-json\/wp\/v2\/posts\/786\/revisions\/789"}],"wp:attachment":[{"href":"https:\/\/lisboa.wordcamp.org\/2012\/wp-json\/wp\/v2\/media?parent=786"}],"wp:term":[{"taxonomy":"category","embeddable":true,"href":"https:\/\/lisboa.wordcamp.org\/2012\/wp-json\/wp\/v2\/categories?post=786"},{"taxonomy":"post_tag","embeddable":true,"href":"https:\/\/lisboa.wordcamp.org\/2012\/wp-json\/wp\/v2\/tags?post=786"}],"curies":[{"name":"wp","href":"https:\/\/api.w.org\/{rel}","templated":true}]}}